{"id":773,"date":"2021-01-10T18:03:00","date_gmt":"2021-01-10T17:03:00","guid":{"rendered":"https:\/\/zucopo.space\/design\/?p=773"},"modified":"2023-03-10T18:24:48","modified_gmt":"2023-03-10T17:24:48","slug":"qualite-de-vie-au-travail","status":"publish","type":"post","link":"https:\/\/zucopo.space\/design\/qualite-de-vie-au-travail\/","title":{"rendered":"Qualit\u00e9 de Vie au Travail sur un Territoire"},"content":{"rendered":"\n<p>Le 17 janvier 2020, \u00e0 Limoges, 7 \u00ab&nbsp;top\u00b7manager\u00b7euse\u00b7s&nbsp;\u00bb calent une pause dans leur planning pour se lancer dans un parcours exp\u00e9rimental baptis\u00e9 \u00ab&nbsp;Limoges act&nbsp;\u00bb. Un an apr\u00e8s ils &amp; elles seront 9 \u00e0 d\u00e9cider de ne pas s\u2019arr\u00eater l\u00e0 ! Ce qui s\u2019est construit \u00e0 Limoges durant ces 12 mois ne demande qu\u2019\u00e0 essaimer sur d\u2019autres territoires. Cette restitution invite \u00e0 cheminer par vous-m\u00eame dans l\u2019\u00e9cosyst\u00e8me permaculturelle de la Qualit\u00e9 de Vie au Travail \u00e0 une \u00e9chelle Territoriale. <\/p>\n\n\n\n<p><a href=\"http:\/\/zelie-communication.fr\/realisation\/limoges-act-experimentation-de-qvtt-a-essaimer\/\">Une synth\u00e8se Z\u00e9lie<\/a> format poster.<\/p>\n\n\n\n<p>Cliente : la Mona<\/p>\n\n\n\n<p>Janvier 2021<\/p>\n\n\n\n<figure class=\"wp-block-image size-large\"><img loading=\"lazy\" decoding=\"async\" width=\"1024\" height=\"756\" src=\"https:\/\/zucopo.space\/design\/wp-content\/uploads\/2023\/03\/Hero_Mona-synthese-Finale-a-feuilleter-4-1024x756.jpg\" alt=\"\" class=\"wp-image-778\" srcset=\"https:\/\/zucopo.space\/design\/wp-content\/uploads\/2023\/03\/Hero_Mona-synthese-Finale-a-feuilleter-4-1024x756.jpg 1024w, https:\/\/zucopo.space\/design\/wp-content\/uploads\/2023\/03\/Hero_Mona-synthese-Finale-a-feuilleter-4-300x221.jpg 300w, https:\/\/zucopo.space\/design\/wp-content\/uploads\/2023\/03\/Hero_Mona-synthese-Finale-a-feuilleter-4-768x567.jpg 768w, https:\/\/zucopo.space\/design\/wp-content\/uploads\/2023\/03\/Hero_Mona-synthese-Finale-a-feuilleter-4-1536x1134.jpg 1536w, https:\/\/zucopo.space\/design\/wp-content\/uploads\/2023\/03\/Hero_Mona-synthese-Finale-a-feuilleter-4-2048x1512.jpg 2048w\" sizes=\"auto, (max-width: 1024px) 100vw, 1024px\" \/><\/figure>\n\n\n\n<p><\/p>\n\n\n\n<div class=\"wp-block-columns is-layout-flex wp-container-core-columns-is-layout-9d6595d7 wp-block-columns-is-layout-flex\">\n<div class=\"wp-block-column is-layout-flow wp-block-column-is-layout-flow\">\n<figure class=\"wp-block-image size-large\"><img loading=\"lazy\" decoding=\"async\" width=\"1024\" height=\"694\" src=\"https:\/\/zucopo.space\/design\/wp-content\/uploads\/2023\/03\/Double2_Mona-synthese-Finale-a-feuilleter-3-1024x694.jpg\" alt=\"\" class=\"wp-image-777\" srcset=\"https:\/\/zucopo.space\/design\/wp-content\/uploads\/2023\/03\/Double2_Mona-synthese-Finale-a-feuilleter-3-1024x694.jpg 1024w, https:\/\/zucopo.space\/design\/wp-content\/uploads\/2023\/03\/Double2_Mona-synthese-Finale-a-feuilleter-3-300x203.jpg 300w, https:\/\/zucopo.space\/design\/wp-content\/uploads\/2023\/03\/Double2_Mona-synthese-Finale-a-feuilleter-3-768x520.jpg 768w, https:\/\/zucopo.space\/design\/wp-content\/uploads\/2023\/03\/Double2_Mona-synthese-Finale-a-feuilleter-3-1536x1041.jpg 1536w, https:\/\/zucopo.space\/design\/wp-content\/uploads\/2023\/03\/Double2_Mona-synthese-Finale-a-feuilleter-3-2048x1388.jpg 2048w\" sizes=\"auto, (max-width: 1024px) 100vw, 1024px\" \/><\/figure>\n<\/div>\n<\/div>\n\n\n\n<p><\/p>\n\n\n\n<figure class=\"wp-block-image size-large\"><img loading=\"lazy\" decoding=\"async\" width=\"1024\" height=\"748\" src=\"https:\/\/zucopo.space\/design\/wp-content\/uploads\/2023\/03\/Double1_Mona-synthese-Finale-a-feuilleter-2-1024x748.jpg\" alt=\"\" class=\"wp-image-776\" srcset=\"https:\/\/zucopo.space\/design\/wp-content\/uploads\/2023\/03\/Double1_Mona-synthese-Finale-a-feuilleter-2-1024x748.jpg 1024w, https:\/\/zucopo.space\/design\/wp-content\/uploads\/2023\/03\/Double1_Mona-synthese-Finale-a-feuilleter-2-300x219.jpg 300w, https:\/\/zucopo.space\/design\/wp-content\/uploads\/2023\/03\/Double1_Mona-synthese-Finale-a-feuilleter-2-768x561.jpg 768w, https:\/\/zucopo.space\/design\/wp-content\/uploads\/2023\/03\/Double1_Mona-synthese-Finale-a-feuilleter-2-1536x1121.jpg 1536w, https:\/\/zucopo.space\/design\/wp-content\/uploads\/2023\/03\/Double1_Mona-synthese-Finale-a-feuilleter-2.jpg 1649w\" sizes=\"auto, (max-width: 1024px) 100vw, 1024px\" \/><\/figure>\n","protected":false},"excerpt":{"rendered":"<p>Le 17 janvier 2020, \u00e0 Limoges, 7 \u00ab&nbsp;top\u00b7manager\u00b7euse\u00b7s&nbsp;\u00bb calent une pause dans leur planning pour se lancer dans un parcours [&hellip;]<\/p>\n","protected":false},"author":2,"featured_media":775,"comment_status":"closed","ping_status":"closed","sticky":false,"template":"","format":"standard","meta":{"footnotes":""},"categories":[2],"tags":[8,41,25],"class_list":["bg-stuff"],"yoast_head":"<!-- This site is optimized with the Yoast SEO plugin v18.5.1 - https:\/\/yoast.com\/wordpress\/plugins\/seo\/ -->\n<title>Qualit\u00e9 de Vie au Travail sur un Territoire - Zucopo<\/title>\n<meta name=\"description\" content=\"Une synth\u00e8se Z\u00e9lie qui invite \u00e0 cheminer dans l\u2019\u00e9cosyst\u00e8me permaculturelle de la Qualit\u00e9 de Vie au Travail \u00e0 une \u00e9chelle Territoriale.\" \/>\n<meta name=\"robots\" content=\"index, follow, max-snippet:-1, max-image-preview:large, max-video-preview:-1\" \/>\n<link rel=\"canonical\" href=\"https:\/\/zucopo.space\/design\/qualite-de-vie-au-travail\/\" \/>\n<meta property=\"og:locale\" content=\"fr_FR\" \/>\n<meta property=\"og:type\" content=\"article\" \/>\n<meta property=\"og:title\" content=\"Qualit\u00e9 de Vie au Travail sur un Territoire - Zucopo\" \/>\n<meta property=\"og:description\" content=\"Une synth\u00e8se Z\u00e9lie qui invite \u00e0 cheminer dans l\u2019\u00e9cosyst\u00e8me permaculturelle de la Qualit\u00e9 de Vie au Travail \u00e0 une \u00e9chelle Territoriale.\" \/>\n<meta property=\"og:url\" content=\"https:\/\/zucopo.space\/design\/qualite-de-vie-au-travail\/\" \/>\n<meta property=\"og:site_name\" content=\"Zucopo\" \/>\n<meta property=\"article:published_time\" content=\"2021-01-10T17:03:00+00:00\" \/>\n<meta property=\"article:modified_time\" content=\"2023-03-10T17:24:48+00:00\" \/>\n<meta property=\"og:image\" content=\"https:\/\/zucopo.space\/design\/wp-content\/uploads\/2023\/03\/Couv_Mona-synthese-Finale-a-feuilleter-1.jpg\" \/>\n\t<meta property=\"og:image:width\" content=\"826\" \/>\n\t<meta property=\"og:image:height\" content=\"1220\" \/>\n\t<meta property=\"og:image:type\" content=\"image\/jpeg\" \/>\n<meta name=\"twitter:card\" content=\"summary_large_image\" \/>\n<meta name=\"twitter:label1\" content=\"\u00c9crit par\" \/>\n\t<meta name=\"twitter:data1\" content=\"Emilie\" \/>\n\t<meta name=\"twitter:label2\" content=\"Dur\u00e9e de lecture estim\u00e9e\" \/>\n\t<meta name=\"twitter:data2\" content=\"2 minutes\" \/>\n<script type=\"application\/ld+json\" class=\"yoast-schema-graph\">{\"@context\":\"https:\/\/schema.org\",\"@graph\":[{\"@type\":\"WebSite\",\"@id\":\"http:\/\/zucopo.space\/design\/#website\",\"url\":\"http:\/\/zucopo.space\/design\/\",\"name\":\"Zucopo\",\"description\":\"Design graphique rural\",\"potentialAction\":[{\"@type\":\"SearchAction\",\"target\":{\"@type\":\"EntryPoint\",\"urlTemplate\":\"http:\/\/zucopo.space\/design\/?s={search_term_string}\"},\"query-input\":\"required name=search_term_string\"}],\"inLanguage\":\"fr-FR\"},{\"@type\":\"ImageObject\",\"@id\":\"https:\/\/zucopo.space\/design\/qualite-de-vie-au-travail\/#primaryimage\",\"inLanguage\":\"fr-FR\",\"url\":\"https:\/\/zucopo.space\/design\/wp-content\/uploads\/2023\/03\/Couv_Mona-synthese-Finale-a-feuilleter-1.jpg\",\"contentUrl\":\"https:\/\/zucopo.space\/design\/wp-content\/uploads\/2023\/03\/Couv_Mona-synthese-Finale-a-feuilleter-1.jpg\",\"width\":826,\"height\":1220},{\"@type\":\"WebPage\",\"@id\":\"https:\/\/zucopo.space\/design\/qualite-de-vie-au-travail\/#webpage\",\"url\":\"https:\/\/zucopo.space\/design\/qualite-de-vie-au-travail\/\",\"name\":\"Qualit\u00e9 de Vie au Travail sur un Territoire - Zucopo\",\"isPartOf\":{\"@id\":\"http:\/\/zucopo.space\/design\/#website\"},\"primaryImageOfPage\":{\"@id\":\"https:\/\/zucopo.space\/design\/qualite-de-vie-au-travail\/#primaryimage\"},\"datePublished\":\"2021-01-10T17:03:00+00:00\",\"dateModified\":\"2023-03-10T17:24:48+00:00\",\"author\":{\"@id\":\"http:\/\/zucopo.space\/design\/#\/schema\/person\/30d7e685bc411b2233506a7c352d50d3\"},\"description\":\"Une synth\u00e8se Z\u00e9lie qui invite \u00e0 cheminer dans l\u2019\u00e9cosyst\u00e8me permaculturelle de la Qualit\u00e9 de Vie au Travail \u00e0 une \u00e9chelle Territoriale.\",\"breadcrumb\":{\"@id\":\"https:\/\/zucopo.space\/design\/qualite-de-vie-au-travail\/#breadcrumb\"},\"inLanguage\":\"fr-FR\",\"potentialAction\":[{\"@type\":\"ReadAction\",\"target\":[\"https:\/\/zucopo.space\/design\/qualite-de-vie-au-travail\/\"]}]},{\"@type\":\"BreadcrumbList\",\"@id\":\"https:\/\/zucopo.space\/design\/qualite-de-vie-au-travail\/#breadcrumb\",\"itemListElement\":[{\"@type\":\"ListItem\",\"position\":1,\"name\":\"Accueil\",\"item\":\"http:\/\/zucopo.space\/design\/\"},{\"@type\":\"ListItem\",\"position\":2,\"name\":\"Qualit\u00e9 de Vie au Travail sur un Territoire\"}]},{\"@type\":\"Person\",\"@id\":\"http:\/\/zucopo.space\/design\/#\/schema\/person\/30d7e685bc411b2233506a7c352d50d3\",\"name\":\"Emilie\",\"url\":\"https:\/\/zucopo.space\/design\/author\/emilie\/\"}]}<\/script>\n<!-- \/ Yoast SEO plugin. -->","yoast_head_json":{"title":"Qualit\u00e9 de Vie au Travail sur un Territoire - Zucopo","description":"Une synth\u00e8se Z\u00e9lie qui invite \u00e0 cheminer dans l\u2019\u00e9cosyst\u00e8me permaculturelle de la Qualit\u00e9 de Vie au Travail \u00e0 une \u00e9chelle Territoriale.","robots":{"index":"index","follow":"follow","max-snippet":"max-snippet:-1","max-image-preview":"max-image-preview:large","max-video-preview":"max-video-preview:-1"},"canonical":"https:\/\/zucopo.space\/design\/qualite-de-vie-au-travail\/","og_locale":"fr_FR","og_type":"article","og_title":"Qualit\u00e9 de Vie au Travail sur un Territoire - Zucopo","og_description":"Une synth\u00e8se Z\u00e9lie qui invite \u00e0 cheminer dans l\u2019\u00e9cosyst\u00e8me permaculturelle de la Qualit\u00e9 de Vie au Travail \u00e0 une \u00e9chelle Territoriale.","og_url":"https:\/\/zucopo.space\/design\/qualite-de-vie-au-travail\/","og_site_name":"Zucopo","article_published_time":"2021-01-10T17:03:00+00:00","article_modified_time":"2023-03-10T17:24:48+00:00","og_image":[{"width":826,"height":1220,"url":"https:\/\/zucopo.space\/design\/wp-content\/uploads\/2023\/03\/Couv_Mona-synthese-Finale-a-feuilleter-1.jpg","type":"image\/jpeg"}],"twitter_card":"summary_large_image","twitter_misc":{"\u00c9crit par":"Emilie","Dur\u00e9e de lecture estim\u00e9e":"2 minutes"},"schema":{"@context":"https:\/\/schema.org","@graph":[{"@type":"WebSite","@id":"http:\/\/zucopo.space\/design\/#website","url":"http:\/\/zucopo.space\/design\/","name":"Zucopo","description":"Design graphique rural","potentialAction":[{"@type":"SearchAction","target":{"@type":"EntryPoint","urlTemplate":"http:\/\/zucopo.space\/design\/?s={search_term_string}"},"query-input":"required name=search_term_string"}],"inLanguage":"fr-FR"},{"@type":"ImageObject","@id":"https:\/\/zucopo.space\/design\/qualite-de-vie-au-travail\/#primaryimage","inLanguage":"fr-FR","url":"https:\/\/zucopo.space\/design\/wp-content\/uploads\/2023\/03\/Couv_Mona-synthese-Finale-a-feuilleter-1.jpg","contentUrl":"https:\/\/zucopo.space\/design\/wp-content\/uploads\/2023\/03\/Couv_Mona-synthese-Finale-a-feuilleter-1.jpg","width":826,"height":1220},{"@type":"WebPage","@id":"https:\/\/zucopo.space\/design\/qualite-de-vie-au-travail\/#webpage","url":"https:\/\/zucopo.space\/design\/qualite-de-vie-au-travail\/","name":"Qualit\u00e9 de Vie au Travail sur un Territoire - Zucopo","isPartOf":{"@id":"http:\/\/zucopo.space\/design\/#website"},"primaryImageOfPage":{"@id":"https:\/\/zucopo.space\/design\/qualite-de-vie-au-travail\/#primaryimage"},"datePublished":"2021-01-10T17:03:00+00:00","dateModified":"2023-03-10T17:24:48+00:00","author":{"@id":"http:\/\/zucopo.space\/design\/#\/schema\/person\/30d7e685bc411b2233506a7c352d50d3"},"description":"Une synth\u00e8se Z\u00e9lie qui invite \u00e0 cheminer dans l\u2019\u00e9cosyst\u00e8me permaculturelle de la Qualit\u00e9 de Vie au Travail \u00e0 une \u00e9chelle Territoriale.","breadcrumb":{"@id":"https:\/\/zucopo.space\/design\/qualite-de-vie-au-travail\/#breadcrumb"},"inLanguage":"fr-FR","potentialAction":[{"@type":"ReadAction","target":["https:\/\/zucopo.space\/design\/qualite-de-vie-au-travail\/"]}]},{"@type":"BreadcrumbList","@id":"https:\/\/zucopo.space\/design\/qualite-de-vie-au-travail\/#breadcrumb","itemListElement":[{"@type":"ListItem","position":1,"name":"Accueil","item":"http:\/\/zucopo.space\/design\/"},{"@type":"ListItem","position":2,"name":"Qualit\u00e9 de Vie au Travail sur un Territoire"}]},{"@type":"Person","@id":"http:\/\/zucopo.space\/design\/#\/schema\/person\/30d7e685bc411b2233506a7c352d50d3","name":"Emilie","url":"https:\/\/zucopo.space\/design\/author\/emilie\/"}]}},"_links":{"self":[{"href":"https:\/\/zucopo.space\/design\/wp-json\/wp\/v2\/posts\/773","targetHints":{"allow":["GET"]}}],"collection":[{"href":"https:\/\/zucopo.space\/design\/wp-json\/wp\/v2\/posts"}],"about":[{"href":"https:\/\/zucopo.space\/design\/wp-json\/wp\/v2\/types\/post"}],"author":[{"embeddable":true,"href":"https:\/\/zucopo.space\/design\/wp-json\/wp\/v2\/users\/2"}],"replies":[{"embeddable":true,"href":"https:\/\/zucopo.space\/design\/wp-json\/wp\/v2\/comments?post=773"}],"version-history":[{"count":2,"href":"https:\/\/zucopo.space\/design\/wp-json\/wp\/v2\/posts\/773\/revisions"}],"predecessor-version":[{"id":780,"href":"https:\/\/zucopo.space\/design\/wp-json\/wp\/v2\/posts\/773\/revisions\/780"}],"wp:featuredmedia":[{"embeddable":true,"href":"https:\/\/zucopo.space\/design\/wp-json\/wp\/v2\/media\/775"}],"wp:attachment":[{"href":"https:\/\/zucopo.space\/design\/wp-json\/wp\/v2\/media?parent=773"}],"wp:term":[{"taxonomy":"category","embeddable":true,"href":"https:\/\/zucopo.space\/design\/wp-json\/wp\/v2\/categories?post=773"},{"taxonomy":"post_tag","embeddable":true,"href":"https:\/\/zucopo.space\/design\/wp-json\/wp\/v2\/tags?post=773"}],"curies":[{"name":"wp","href":"https:\/\/api.w.org\/{rel}","templated":true}]}}